{"id":1264,"date":"2023-03-12T18:59:26","date_gmt":"2023-03-12T18:59:26","guid":{"rendered":"https:\/\/romanistyka.wn.uw.edu.pl\/?p=1264"},"modified":"2023-03-12T18:59:27","modified_gmt":"2023-03-12T18:59:27","slug":"rejestracja-na-zajecia-ogolnouniwersyteckie","status":"publish","type":"post","link":"https:\/\/romanistyka.wn.uw.edu.pl\/index.php\/2023\/03\/12\/rejestracja-na-zajecia-ogolnouniwersyteckie\/","title":{"rendered":"Rejestracja na zaj\u0119cia og\u00f3lnouniwersyteckie"},"content":{"rendered":"\n<p class=\"wp-block-paragraph\">Szanowni Pa\u0144stwo, w zwi\u0105zku ze zbli\u017caj\u0105cym si\u0119 ko\u0144cem drugiej tury rejestracji na przedmioty og\u00f3lnouniwersyteckie przypominamy wszystkim z Pa\u0144stwa o ofercie OGUN-\u00f3w Wydzia\u0142u Neofilologii \u201eJ\u0119zyk, komunikacja, kultura\u201d (ZIP) w semestrze letnim 2022\/2023. Zwolni\u0142y si\u0119 bowiem miejsca w grupach, poniewa\u017c na zaj\u0119cia zapisa\u0142a si\u0119 cz\u0119\u015b\u0107 os\u00f3b nieuprawnionych. Zaj\u0119cia oznaczone symbolem (B2+) mog\u0105 zaliczy\u0107 przedmiot w j\u0119zyku obcym na poziomie B2+ wymagany na studiach drugiego stopnia. Zapraszamy!<\/p>\n\n\n\n<figure class=\"wp-block-image aligncenter size-large\"><img loading=\"lazy\" decoding=\"async\" width=\"872\" height=\"1024\" src=\"https:\/\/romanistyka.wn.uw.edu.pl\/wp-content\/uploads\/2023\/03\/Zrzut-ekranu-2023-03-12-o-19.57.16-872x1024.png\" alt=\"\" class=\"wp-image-1265\" srcset=\"https:\/\/romanistyka.wn.uw.edu.pl\/wp-content\/uploads\/2023\/03\/Zrzut-ekranu-2023-03-12-o-19.57.16-872x1024.png 872w, https:\/\/romanistyka.wn.uw.edu.pl\/wp-content\/uploads\/2023\/03\/Zrzut-ekranu-2023-03-12-o-19.57.16-255x300.png 255w, https:\/\/romanistyka.wn.uw.edu.pl\/wp-content\/uploads\/2023\/03\/Zrzut-ekranu-2023-03-12-o-19.57.16-768x902.png 768w, https:\/\/romanistyka.wn.uw.edu.pl\/wp-content\/uploads\/2023\/03\/Zrzut-ekranu-2023-03-12-o-19.57.16.png 1132w\" sizes=\"auto, (max-width: 872px) 100vw, 872px\" \/><\/figure>\n","protected":false},"excerpt":{"rendered":"<p>Szanowni Pa\u0144stwo, w zwi\u0105zku ze zbli\u017caj\u0105cym si\u0119 ko\u0144cem drugiej tury rejestracji na przedmioty og\u00f3lnouniwersyteckie przypominamy wszystkim z Pa\u0144stwa o ofercie OGUN-\u00f3w Wydzia\u0142u Neofilologii \u201eJ\u0119zyk, komunikacja, kultura\u201d (ZIP) w semestrze letnim 2022\/2023. Zwolni\u0142y si\u0119 bowiem miejsca w grupach, poniewa\u017c na zaj\u0119cia zapisa\u0142a si\u0119 cz\u0119\u015b\u0107 os\u00f3b nieuprawnionych. Zaj\u0119cia oznaczone symbolem (B2+) mog\u0105 zaliczy\u0107 przedmiot w j\u0119zyku obcym [&hellip;]<\/p>\n","protected":false},"author":3,"featured_media":0,"comment_status":"open","ping_status":"open","sticky":false,"template":"","format":"standard","meta":{"footnotes":""},"categories":[7],"tags":[],"class_list":["post-1264","post","type-post","status-publish","format-standard","hentry","category-ogloszenia-dla-studentow"],"_links":{"self":[{"href":"https:\/\/romanistyka.wn.uw.edu.pl\/index.php\/wp-json\/wp\/v2\/posts\/1264","targetHints":{"allow":["GET"]}}],"collection":[{"href":"https:\/\/romanistyka.wn.uw.edu.pl\/index.php\/wp-json\/wp\/v2\/posts"}],"about":[{"href":"https:\/\/romanistyka.wn.uw.edu.pl\/index.php\/wp-json\/wp\/v2\/types\/post"}],"author":[{"embeddable":true,"href":"https:\/\/romanistyka.wn.uw.edu.pl\/index.php\/wp-json\/wp\/v2\/users\/3"}],"replies":[{"embeddable":true,"href":"https:\/\/romanistyka.wn.uw.edu.pl\/index.php\/wp-json\/wp\/v2\/comments?post=1264"}],"version-history":[{"count":1,"href":"https:\/\/romanistyka.wn.uw.edu.pl\/index.php\/wp-json\/wp\/v2\/posts\/1264\/revisions"}],"predecessor-version":[{"id":1266,"href":"https:\/\/romanistyka.wn.uw.edu.pl\/index.php\/wp-json\/wp\/v2\/posts\/1264\/revisions\/1266"}],"wp:attachment":[{"href":"https:\/\/romanistyka.wn.uw.edu.pl\/index.php\/wp-json\/wp\/v2\/media?parent=1264"}],"wp:term":[{"taxonomy":"category","embeddable":true,"href":"https:\/\/romanistyka.wn.uw.edu.pl\/index.php\/wp-json\/wp\/v2\/categories?post=1264"},{"taxonomy":"post_tag","embeddable":true,"href":"https:\/\/romanistyka.wn.uw.edu.pl\/index.php\/wp-json\/wp\/v2\/tags?post=1264"}],"curies":[{"name":"wp","href":"https:\/\/api.w.org\/{rel}","templated":true}]}}