{"id":1258,"date":"2023-03-10T20:25:29","date_gmt":"2023-03-10T20:25:29","guid":{"rendered":"https:\/\/romanistyka.wn.uw.edu.pl\/?p=1258"},"modified":"2023-03-10T20:25:29","modified_gmt":"2023-03-10T20:25:29","slug":"otwarte-seminaria-glottodydaktyczne-zaproszenie","status":"publish","type":"post","link":"https:\/\/romanistyka.wn.uw.edu.pl\/index.php\/2023\/03\/10\/otwarte-seminaria-glottodydaktyczne-zaproszenie\/","title":{"rendered":"Otwarte seminaria glottodydaktyczne \u2013 zaproszenie"},"content":{"rendered":"\n<p class=\"wp-block-paragraph\">Serdecznie zapraszam na otwarte seminaria glottodydaktyczne. Szczeg\u00f3\u0142y w za\u0142\u0105czniku pod linkiem:&nbsp;https:\/\/drive.google.com\/file\/d\/1ASz_rguNgSXxw4QzNPv9bnswA169acba\/view?usp=sharing<\/p>\n\n\n\n<p class=\"wp-block-paragraph\">dr hab. prof. ucz. Rados\u0142aw Kucharczyk<\/p>\n\n\n\n<p class=\"wp-block-paragraph\">kierownik Zak\u0142adu Dydaktyki J\u0119zyk\u00f3w Roma\u0144skich<\/p>\n","protected":false},"excerpt":{"rendered":"<p>Serdecznie zapraszam na otwarte seminaria glottodydaktyczne. Szczeg\u00f3\u0142y w za\u0142\u0105czniku pod linkiem:&nbsp;https:\/\/drive.google.com\/file\/d\/1ASz_rguNgSXxw4QzNPv9bnswA169acba\/view?usp=sharing dr hab. prof. ucz. Rados\u0142aw Kucharczyk kierownik Zak\u0142adu Dydaktyki J\u0119zyk\u00f3w Roma\u0144skich<\/p>\n","protected":false},"author":3,"featured_media":0,"comment_status":"open","ping_status":"open","sticky":false,"template":"","format":"standard","meta":{"footnotes":""},"categories":[6],"tags":[],"class_list":["post-1258","post","type-post","status-publish","format-standard","hentry","category-ogloszenia-dla-pracownikow"],"_links":{"self":[{"href":"https:\/\/romanistyka.wn.uw.edu.pl\/index.php\/wp-json\/wp\/v2\/posts\/1258","targetHints":{"allow":["GET"]}}],"collection":[{"href":"https:\/\/romanistyka.wn.uw.edu.pl\/index.php\/wp-json\/wp\/v2\/posts"}],"about":[{"href":"https:\/\/romanistyka.wn.uw.edu.pl\/index.php\/wp-json\/wp\/v2\/types\/post"}],"author":[{"embeddable":true,"href":"https:\/\/romanistyka.wn.uw.edu.pl\/index.php\/wp-json\/wp\/v2\/users\/3"}],"replies":[{"embeddable":true,"href":"https:\/\/romanistyka.wn.uw.edu.pl\/index.php\/wp-json\/wp\/v2\/comments?post=1258"}],"version-history":[{"count":1,"href":"https:\/\/romanistyka.wn.uw.edu.pl\/index.php\/wp-json\/wp\/v2\/posts\/1258\/revisions"}],"predecessor-version":[{"id":1259,"href":"https:\/\/romanistyka.wn.uw.edu.pl\/index.php\/wp-json\/wp\/v2\/posts\/1258\/revisions\/1259"}],"wp:attachment":[{"href":"https:\/\/romanistyka.wn.uw.edu.pl\/index.php\/wp-json\/wp\/v2\/media?parent=1258"}],"wp:term":[{"taxonomy":"category","embeddable":true,"href":"https:\/\/romanistyka.wn.uw.edu.pl\/index.php\/wp-json\/wp\/v2\/categories?post=1258"},{"taxonomy":"post_tag","embeddable":true,"href":"https:\/\/romanistyka.wn.uw.edu.pl\/index.php\/wp-json\/wp\/v2\/tags?post=1258"}],"curies":[{"name":"wp","href":"https:\/\/api.w.org\/{rel}","templated":true}]}}